{"id":19168,"date":"2025-02-27T10:08:16","date_gmt":"2025-02-27T09:08:16","guid":{"rendered":"https:\/\/ekovoltis.pl\/autoinstalator\/wordpressplus\/?p=19168"},"modified":"2025-07-04T12:32:03","modified_gmt":"2025-07-04T10:32:03","slug":"synteza-raportu-european-electricity-review-2025-kluczowe-wnioski","status":"publish","type":"post","link":"https:\/\/ekovoltis.pl\/autoinstalator\/wordpressplus\/synteza-raportu-european-electricity-review-2025-kluczowe-wnioski\/","title":{"rendered":"Synteza raportu \u201eEuropean Electricity Review 2025\u201d \u2013 kluczowe wnioski"},"content":{"rendered":"\t\t<div data-elementor-type=\"wp-post\" data-elementor-id=\"19168\" class=\"elementor elementor-19168\" data-elementor-post-type=\"post\">\n\t\t\t\t\t\t<section class=\"elementor-section elementor-top-section elementor-element elementor-element-5343630 elementor-section-boxed elementor-section-height-default elementor-section-height-default\" data-id=\"5343630\" data-element_type=\"section\">\n\t\t\t\t\t\t<div class=\"elementor-container elementor-column-gap-default\">\n\t\t\t\t\t<div class=\"elementor-column elementor-col-100 elementor-top-column elementor-element elementor-element-f38de02\" data-id=\"f38de02\" data-element_type=\"column\">\n\t\t\t<div class=\"elementor-widget-wrap elementor-element-populated\">\n\t\t\t\t\t\t<div class=\"elementor-element elementor-element-372df94 elementor-widget-laptop__width-initial elementor-widget elementor-widget-text-editor\" data-id=\"372df94\" data-element_type=\"widget\" data-widget_type=\"text-editor.default\">\n\t\t\t\t<div class=\"elementor-widget-container\">\n\t\t\t\t\t\t\t\t\t<p><span style=\"font-family: lato-light;\">Zgodnie z danymi przedstawionymi w raporcie \u201eEuropean Electricity Review 2025\u201d, w ubieg\u0142ym roku po raz pierwszy energia s\u0142oneczna osi\u0105gn\u0119\u0142a wy\u017cszy udzia\u0142 w miksie energetycznym Unii Europejskiej ni\u017c w\u0119giel, stanowi\u0105c 11% ca\u0142kowitej produkcji. Rozw\u00f3j energetyki odnawialnej przyczyni\u0142 si\u0119 do ograniczenia importu paliw kopalnych. Od 2019 roku dodatkowe moce wiatrowe i s\u0142oneczne pozwoli\u0142y Unii Europejskiej unikn\u0105\u0107 importu 92 miliard\u00f3w metr\u00f3w sze\u015bciennych gazu i 55 milion\u00f3w ton w\u0119gla, co prze\u0142o\u017cy\u0142o si\u0119 na oszcz\u0119dno\u015bci szacowane na 59 miliard\u00f3w euro.<\/span><\/p><p><span style=\"font-family: lato-light;\">Wed\u0142ug raportu, udzia\u0142 fotowoltaiki w produkcji energii elektrycznej w UE wzr\u00f3s\u0142 do 11% (304 TWh), przewy\u017cszaj\u0105c udzia\u0142 w\u0119gla, kt\u00f3ry spad\u0142 do 10% (269 TWh). Wzrost energii s\u0142onecznej by\u0142 obserwowany we wszystkich krajach Unii, co wskazuje na jej rosn\u0105c\u0105 rol\u0119 w europejskim systemie elektroenergetycznym. Jednocze\u015bnie produkcja energii z paliw kopalnych zmniejszy\u0142a si\u0119 o 9%, co oznacza najni\u017cszy poziom od ponad 40 lat. Zmiany te mia\u0142y wp\u0142yw na emisje gaz\u00f3w cieplarnianych, kt\u00f3re w sektorze elektroenergetycznym spad\u0142y o 9% w stosunku do roku 2023, osi\u0105gaj\u0105c poziom ni\u017cszy ni\u017c po\u0142owa warto\u015bci z 2007 roku. Spadek emisji by\u0142 w du\u017cej mierze zwi\u0105zany z redukcj\u0105 wykorzystania gazu ziemnego, kt\u00f3rego udzia\u0142 w produkcji energii elektrycznej w UE spad\u0142 do 16% (430 TWh), kontynuuj\u0105c tendencj\u0119 spadkow\u0105 obserwowan\u0105 od pi\u0119ciu lat.<\/span><\/p><p><span style=\"font-family: lato-light;\">Obok energii s\u0142onecznej, istotn\u0105 rol\u0119 w unijnym miksie energetycznym odgrywa energia wiatrowa, kt\u00f3ra w 2024 roku stanowi\u0142a 17% produkcji energii elektrycznej (477 TWh). Cho\u0107 jej udzia\u0142 pozosta\u0142 na zbli\u017conym poziomie w por\u00f3wnaniu do roku 2023, prognozy wskazuj\u0105 na dalszy rozw\u00f3j tego sektora, wspierany przez nowe inwestycje i aukcje planowane na lata 2025\u20132030.<\/span><\/p><p><span style=\"font-family: lato-light;\">Jednym z interesuj\u0105cych zjawisk zaobserwowanych w 2024 roku by\u0142o zwi\u0119kszenie liczby godzin z zerowymi lub ujemnymi cenami energii elektrycznej. W skali roku 4% godzin na europejskim rynku energii odnotowa\u0142o bardzo niskie ceny, co wynika\u0142o g\u0142\u00f3wnie z wysokiej produkcji energii s\u0142onecznej w ci\u0105gu dnia. Zjawisko to mo\u017ce mie\u0107 znaczenie dla kszta\u0142towania przysz\u0142ej polityki energetycznej, zw\u0142aszcza w zakresie rozwoju system\u00f3w magazynowania energii i elastycznego zarz\u0105dzania popytem.<\/span><\/p><p><span style=\"font-family: lato-light;\">Mimo znacz\u0105cego post\u0119pu w transformacji energetycznej, wci\u0105\u017c istniej\u0105 wyzwania wymagaj\u0105ce rozwi\u0105zania. W 2024 roku zapotrzebowanie na energi\u0119 elektryczn\u0105 w UE wzros\u0142o o 1%, co mo\u017ce sygnalizowa\u0107 pocz\u0105tek d\u0142ugoterminowego trendu wzrostowego, zwi\u0105zanego m.in. z elektryfikacj\u0105 przemys\u0142u i transportu. Rozw\u00f3j infrastruktury sieciowej oraz wdro\u017cenie efektywnych mechanizm\u00f3w magazynowania energii b\u0119d\u0105 kluczowe dla dalszej integracji odnawialnych \u017ar\u00f3de\u0142 energii.<\/span><\/p><p><span style=\"font-family: lato-light;\">Z raportu wynika, \u017ce Unia Europejska kontynuuje proces transformacji sektora energetycznego, d\u0105\u017c\u0105c do zwi\u0119kszenia udzia\u0142u odnawialnych \u017ar\u00f3de\u0142 energii i zmniejszenia zale\u017cno\u015bci od paliw kopalnych. Tempo tej zmiany pozostaje jednak zr\u00f3\u017cnicowane w poszczeg\u00f3lnych sektorach \u2013 podczas gdy energia s\u0142oneczna rozwija si\u0119 dynamicznie, sektor wiatrowy stoi przed wyzwaniami zwi\u0105zanymi m.in. z procesem wydawania pozwole\u0144 i dost\u0119pno\u015bci\u0105 infrastruktury. W kolejnych latach istotne b\u0119dzie dalsze dostosowanie polityki energetycznej oraz rozw\u00f3j mechanizm\u00f3w wspieraj\u0105cych stabilno\u015b\u0107 systemu elektroenergetycznego.<\/span><\/p><p><span style=\"font-family: lato-light;\">Wi\u0119cej informacji:<\/span><\/p><p><span style=\"font-family: lato-light;\"><a href=\"https:\/autoinstalator\/wordpressplus\/ember-energy.org\/app\/uploads\/2025\/01\/EER_2025_22012025.pdf\" target=\"_blank\" rel=\"noopener\">https:\/autoinstalator\/wordpressplus\/ember-energy.org\/app\/uploads\/2025\/01\/EER_2025_22012025.pdf<\/a><\/span><\/p>\t\t\t\t\t\t\t\t<\/div>\n\t\t\t\t<\/div>\n\t\t\t\t\t<\/div>\n\t\t<\/div>\n\t\t\t\t\t<\/div>\n\t\t<\/section>\n\t\t\t\t<\/div>\n\t\t","protected":false},"excerpt":{"rendered":"<p>Zgodnie z danymi przedstawionymi w raporcie \u201eEuropean Electricity Review 2025\u201d, w ubieg\u0142ym roku po raz pierwszy energia s\u0142oneczna osi\u0105gn\u0119\u0142a wy\u017cszy udzia\u0142 w miksie energetycznym Unii Europejskiej ni\u017c w\u0119giel, stanowi\u0105c 11% ca\u0142kowitej produkcji. Rozw\u00f3j energetyki odnawialnej przyczyni\u0142 si\u0119 do ograniczenia importu paliw kopalnych. Od 2019 roku dodatkowe moce wiatrowe i s\u0142oneczne pozwoli\u0142y Unii Europejskiej unikn\u0105\u0107 importu [&hellip;]<\/p>\n","protected":false},"author":11,"featured_media":16750,"comment_status":"closed","ping_status":"closed","sticky":false,"template":"","format":"standard","meta":{"site-sidebar-layout":"default","site-content-layout":"default","ast-site-content-layout":"default","site-content-style":"default","site-sidebar-style":"default","ast-global-header-display":"","ast-banner-title-visibility":"","ast-main-header-display":"","ast-hfb-above-header-display":"","ast-hfb-below-header-display":"","ast-hfb-mobile-header-display":"","site-post-title":"","ast-breadcrumbs-content":"","ast-featured-img":"","footer-sml-layout":"","theme-transparent-header-meta":"default","adv-header-id-meta":"","stick-header-meta":"","header-above-stick-meta":"","header-main-stick-meta":"","header-below-stick-meta":"","astra-migrate-meta-layouts":"default","ast-page-background-enabled":"default","ast-page-background-meta":{"desktop":{"background-color":"","background-image":"","background-repeat":"repeat","background-position":"center center","background-size":"auto","background-attachment":"scroll","background-type":"","background-media":"","overlay-type":"","overlay-color":"","overlay-opacity":"","overlay-gradient":""},"tablet":{"background-color":"","background-image":"","background-repeat":"repeat","background-position":"center center","background-size":"auto","background-attachment":"scroll","background-type":"","background-media":"","overlay-type":"","overlay-color":"","overlay-opacity":"","overlay-gradient":""},"mobile":{"background-color":"","background-image":"","background-repeat":"repeat","background-position":"center center","background-size":"auto","background-attachment":"scroll","background-type":"","background-media":"","overlay-type":"","overlay-color":"","overlay-opacity":"","overlay-gradient":""}},"ast-content-background-meta":{"desktop":{"background-color":"var(--ast-global-color-5)","background-image":"","background-repeat":"repeat","background-position":"center center","background-size":"auto","background-attachment":"scroll","background-type":"","background-media":"","overlay-type":"","overlay-color":"","overlay-opacity":"","overlay-gradient":""},"tablet":{"background-color":"var(--ast-global-color-5)","background-image":"","background-repeat":"repeat","background-position":"center center","background-size":"auto","background-attachment":"scroll","background-type":"","background-media":"","overlay-type":"","overlay-color":"","overlay-opacity":"","overlay-gradient":""},"mobile":{"background-color":"var(--ast-global-color-5)","background-image":"","background-repeat":"repeat","background-position":"center center","background-size":"auto","background-attachment":"scroll","background-type":"","background-media":"","overlay-type":"","overlay-color":"","overlay-opacity":"","overlay-gradient":""}},"footnotes":""},"categories":[1],"tags":[],"class_list":["post-19168","post","type-post","status-publish","format-standard","has-post-thumbnail","hentry","category-bez-kategorii"],"acf":[],"_links":{"self":[{"href":"https:\/\/ekovoltis.pl\/autoinstalator\/wordpressplus\/wp-json\/wp\/v2\/posts\/19168","targetHints":{"allow":["GET"]}}],"collection":[{"href":"https:\/\/ekovoltis.pl\/autoinstalator\/wordpressplus\/wp-json\/wp\/v2\/posts"}],"about":[{"href":"https:\/\/ekovoltis.pl\/autoinstalator\/wordpressplus\/wp-json\/wp\/v2\/types\/post"}],"author":[{"embeddable":true,"href":"https:\/\/ekovoltis.pl\/autoinstalator\/wordpressplus\/wp-json\/wp\/v2\/users\/11"}],"replies":[{"embeddable":true,"href":"https:\/\/ekovoltis.pl\/autoinstalator\/wordpressplus\/wp-json\/wp\/v2\/comments?post=19168"}],"version-history":[{"count":3,"href":"https:\/\/ekovoltis.pl\/autoinstalator\/wordpressplus\/wp-json\/wp\/v2\/posts\/19168\/revisions"}],"predecessor-version":[{"id":19171,"href":"https:\/\/ekovoltis.pl\/autoinstalator\/wordpressplus\/wp-json\/wp\/v2\/posts\/19168\/revisions\/19171"}],"wp:featuredmedia":[{"embeddable":true,"href":"https:\/\/ekovoltis.pl\/autoinstalator\/wordpressplus\/wp-json\/wp\/v2\/media\/16750"}],"wp:attachment":[{"href":"https:\/\/ekovoltis.pl\/autoinstalator\/wordpressplus\/wp-json\/wp\/v2\/media?parent=19168"}],"wp:term":[{"taxonomy":"category","embeddable":true,"href":"https:\/\/ekovoltis.pl\/autoinstalator\/wordpressplus\/wp-json\/wp\/v2\/categories?post=19168"},{"taxonomy":"post_tag","embeddable":true,"href":"https:\/\/ekovoltis.pl\/autoinstalator\/wordpressplus\/wp-json\/wp\/v2\/tags?post=19168"}],"curies":[{"name":"wp","href":"https:\/\/api.w.org\/{rel}","templated":true}]}}