{"id":20113,"date":"2025-04-02T11:47:42","date_gmt":"2025-04-02T09:47:42","guid":{"rendered":"https:\/\/ekovoltis.pl\/autoinstalator\/wordpressplus\/?p=20113"},"modified":"2025-07-04T12:31:29","modified_gmt":"2025-07-04T10:31:29","slug":"program-wsparcia-dla-magazynow-energii-kluczowe-zalozenia","status":"publish","type":"post","link":"https:\/\/ekovoltis.pl\/autoinstalator\/wordpressplus\/program-wsparcia-dla-magazynow-energii-kluczowe-zalozenia\/","title":{"rendered":"Program Wsparcia dla Magazyn\u00f3w Energii \u2013 kluczowe za\u0142o\u017cenia"},"content":{"rendered":"\t\t<div data-elementor-type=\"wp-post\" data-elementor-id=\"20113\" class=\"elementor elementor-20113\" data-elementor-post-type=\"post\">\n\t\t\t\t\t\t<section class=\"elementor-section elementor-top-section elementor-element elementor-element-5343630 elementor-section-boxed elementor-section-height-default elementor-section-height-default\" data-id=\"5343630\" data-element_type=\"section\">\n\t\t\t\t\t\t<div class=\"elementor-container elementor-column-gap-default\">\n\t\t\t\t\t<div class=\"elementor-column elementor-col-100 elementor-top-column elementor-element elementor-element-f38de02\" data-id=\"f38de02\" data-element_type=\"column\">\n\t\t\t<div class=\"elementor-widget-wrap elementor-element-populated\">\n\t\t\t\t\t\t<div class=\"elementor-element elementor-element-372df94 elementor-widget-laptop__width-initial elementor-widget elementor-widget-text-editor\" data-id=\"372df94\" data-element_type=\"widget\" data-widget_type=\"text-editor.default\">\n\t\t\t\t<div class=\"elementor-widget-container\">\n\t\t\t\t\t\t\t\t\t<p><span style=\"font-family: lato-light;\">Publikacja Rozporz\u0105dzenia Ministra Klimatu i \u015arodowiska z 5 marca 2025 r. umo\u017cliwi\u0142a uruchomienie programu \u201eMagazyny energii elektrycznej i zwi\u0105zana z nimi infrastruktura dla poprawy stabilno\u015bci polskiej sieci elektroenergetycznej\u201d, finansowanego przez Narodowy Fundusz Ochrony \u015arodowiska i Gospodarki Wodnej (NFO\u015aiGW). Ca\u0142kowity bud\u017cet programu wynosi 4 mld z\u0142, z czego: 3,6 mld z\u0142 przeznaczone jest na dotacje (pokrywaj\u0105ce do 45% koszt\u00f3w kwalifikowanych), pozosta\u0142a cz\u0119\u015b\u0107 b\u0119dzie udzielana w formie preferencyjnych po\u017cyczek (do 100% koszt\u00f3w kwalifikowanych).<\/span><\/p><p><span style=\"font-family: lato-light;\">Finansowanie obejmie inwestycje w nowe magazyny energii o mocy co najmniej 2 MW i pojemno\u015bci minimum 4 MWh, a tak\u017ce rozbudow\u0119 ju\u017c istniej\u0105cych instalacji. Opr\u00f3cz zakupu i budowy magazyn\u00f3w dotacje mog\u0105 obj\u0105\u0107 dokumentacj\u0119 przygotowawcz\u0105, zakup grunt\u00f3w, budow\u0119 przy\u0142\u0105cza oraz infrastruktur\u0119 towarzysz\u0105c\u0105, pod warunkiem \u017ce po zako\u0144czeniu inwestycji przy\u0142\u0105cze pozostanie w\u0142asno\u015bci\u0105 beneficjenta.<\/span><\/p><p><span style=\"font-family: lato-light;\">Zgodnie z za\u0142o\u017ceniami programu do ko\u0144ca 2025 roku maj\u0105 zosta\u0107 podpisane umowy z beneficjentami, a \u015brodki musz\u0105 zosta\u0107 wykorzystane do ko\u0144ca 2028 roku. Wnioskodawcy b\u0119d\u0105 zobowi\u0105zani do uko\u0144czenia inwestycji w ci\u0105gu 36 miesi\u0119cy od przyznania wsparcia. W przypadku op\u00f3\u017anie\u0144 przekraczaj\u0105cych trzy miesi\u0105ce kwota dotacji b\u0119dzie sukcesywnie redukowana \u2013 o 5% za ka\u017cdy miesi\u0105c zw\u0142oki do p\u00f3\u0142 roku oraz o 10% za ka\u017cdy kolejny miesi\u0105c. Jednocze\u015bnie wsparcie jest dost\u0119pne wy\u0142\u0105cznie dla projekt\u00f3w, kt\u00f3re nie rozpocz\u0119\u0142y si\u0119 przed 9 marca 2023 roku. Projekty posiadaj\u0105ce kontrakt na rynku mocy mog\u0105 ubiega\u0107 si\u0119 o dofinansowanie, jednak w takim przypadku kwota wynagrodzenia za obowi\u0105zek mocowy zostanie proporcjonalnie zmniejszona.<\/span><\/p><p><span style=\"font-family: lato-light;\">W ramach konsultacji spo\u0142ecznych zg\u0142oszono ponad 320 uwag do programu, z czego 190 zosta\u0142o odrzuconych. Jedn\u0105 z kluczowych zmian by\u0142o dopuszczenie dofinansowania dla magazyn\u00f3w energii przy\u0142\u0105czanych do sieci przesy\u0142owej, co zwi\u0119ksza ich potencja\u0142 w zakresie stabilizacji systemu. Nie zaakceptowano natomiast postulat\u00f3w dotycz\u0105cych obj\u0119cia wsparciem mniejszych magazyn\u00f3w o mocy 0,9 MW i pojemno\u015bci 2 MWh, zwi\u0119kszenia bud\u017cetu do 10 miliard\u00f3w z\u0142otych ani wyd\u0142u\u017cenia okresu wydatkowania \u015brodk\u00f3w.<\/span><\/p><p><span style=\"font-family: lato-light;\">Program magazynowania energii stanowi istotne uzupe\u0142nienie rynku mocy, kt\u00f3ry dotychczas by\u0142 g\u0142\u00f3wnym \u017ar\u00f3d\u0142em finansowania wielkoskalowych magazyn\u00f3w energii. Dzi\u0119ki temu wsparciu inwestorzy zyskaj\u0105 nowe mo\u017cliwo\u015bci realizacji projekt\u00f3w, kt\u00f3re przyczyni\u0105 si\u0119 do wi\u0119kszej stabilno\u015bci i efektywno\u015bci systemu elektroenergetycznego. Magazyny energii b\u0119d\u0105 kluczowym elementem dalszej transformacji energetycznej, pozwalaj\u0105c na lepsze wykorzystanie odnawialnych \u017ar\u00f3de\u0142 energii i ograniczaj\u0105c przeci\u0105\u017cenia sieci. Wnioski o dofinansowanie b\u0119d\u0105 przyjmowane w najbli\u017cszym czasie, dlatego warto \u015bledzi\u0107 komunikaty NFO\u015aiGW i odpowiednio przygotowa\u0107 swoje projekty, aby spe\u0142nia\u0142y wszystkie kryteria programu.<\/span><\/p><p><span style=\"font-family: lato-light;\">Wi\u0119cej informacji:<\/span><\/p><p><span style=\"font-family: lato-light;\"><a href=\"https:\/autoinstalator\/wordpressplus\/dziennikustaw.gov.pl\/D2025000028001.pdf\" target=\"_blank\" rel=\"noopener\">https:\/autoinstalator\/wordpressplus\/dziennikustaw.gov.pl\/D2025000028001.pdf<\/a><\/span><\/p><p>\u00a0<\/p>\t\t\t\t\t\t\t\t<\/div>\n\t\t\t\t<\/div>\n\t\t\t\t\t<\/div>\n\t\t<\/div>\n\t\t\t\t\t<\/div>\n\t\t<\/section>\n\t\t\t\t<\/div>\n\t\t","protected":false},"excerpt":{"rendered":"<p>Publikacja Rozporz\u0105dzenia Ministra Klimatu i \u015arodowiska z 5 marca 2025 r. umo\u017cliwi\u0142a uruchomienie programu \u201eMagazyny energii elektrycznej i zwi\u0105zana z nimi infrastruktura dla poprawy stabilno\u015bci polskiej sieci elektroenergetycznej\u201d, finansowanego przez Narodowy Fundusz Ochrony \u015arodowiska i Gospodarki Wodnej (NFO\u015aiGW). Ca\u0142kowity bud\u017cet programu wynosi 4 mld z\u0142, z czego: 3,6 mld z\u0142 przeznaczone jest na dotacje (pokrywaj\u0105ce [&hellip;]<\/p>\n","protected":false},"author":11,"featured_media":14732,"comment_status":"closed","ping_status":"closed","sticky":false,"template":"","format":"standard","meta":{"site-sidebar-layout":"default","site-content-layout":"default","ast-site-content-layout":"default","site-content-style":"default","site-sidebar-style":"default","ast-global-header-display":"","ast-banner-title-visibility":"","ast-main-header-display":"","ast-hfb-above-header-display":"","ast-hfb-below-header-display":"","ast-hfb-mobile-header-display":"","site-post-title":"","ast-breadcrumbs-content":"","ast-featured-img":"","footer-sml-layout":"","theme-transparent-header-meta":"default","adv-header-id-meta":"","stick-header-meta":"","header-above-stick-meta":"","header-main-stick-meta":"","header-below-stick-meta":"","astra-migrate-meta-layouts":"set","ast-page-background-enabled":"default","ast-page-background-meta":{"desktop":{"background-color":"","background-image":"","background-repeat":"repeat","background-position":"center center","background-size":"auto","background-attachment":"scroll","background-type":"","background-media":"","overlay-type":"","overlay-color":"","overlay-opacity":"","overlay-gradient":""},"tablet":{"background-color":"","background-image":"","background-repeat":"repeat","background-position":"center center","background-size":"auto","background-attachment":"scroll","background-type":"","background-media":"","overlay-type":"","overlay-color":"","overlay-opacity":"","overlay-gradient":""},"mobile":{"background-color":"","background-image":"","background-repeat":"repeat","background-position":"center center","background-size":"auto","background-attachment":"scroll","background-type":"","background-media":"","overlay-type":"","overlay-color":"","overlay-opacity":"","overlay-gradient":""}},"ast-content-background-meta":{"desktop":{"background-color":"var(--ast-global-color-5)","background-image":"","background-repeat":"repeat","background-position":"center center","background-size":"auto","background-attachment":"scroll","background-type":"","background-media":"","overlay-type":"","overlay-color":"","overlay-opacity":"","overlay-gradient":""},"tablet":{"background-color":"var(--ast-global-color-5)","background-image":"","background-repeat":"repeat","background-position":"center center","background-size":"auto","background-attachment":"scroll","background-type":"","background-media":"","overlay-type":"","overlay-color":"","overlay-opacity":"","overlay-gradient":""},"mobile":{"background-color":"var(--ast-global-color-5)","background-image":"","background-repeat":"repeat","background-position":"center center","background-size":"auto","background-attachment":"scroll","background-type":"","background-media":"","overlay-type":"","overlay-color":"","overlay-opacity":"","overlay-gradient":""}},"footnotes":""},"categories":[1],"tags":[],"class_list":["post-20113","post","type-post","status-publish","format-standard","has-post-thumbnail","hentry","category-bez-kategorii"],"acf":[],"_links":{"self":[{"href":"https:\/\/ekovoltis.pl\/autoinstalator\/wordpressplus\/wp-json\/wp\/v2\/posts\/20113","targetHints":{"allow":["GET"]}}],"collection":[{"href":"https:\/\/ekovoltis.pl\/autoinstalator\/wordpressplus\/wp-json\/wp\/v2\/posts"}],"about":[{"href":"https:\/\/ekovoltis.pl\/autoinstalator\/wordpressplus\/wp-json\/wp\/v2\/types\/post"}],"author":[{"embeddable":true,"href":"https:\/\/ekovoltis.pl\/autoinstalator\/wordpressplus\/wp-json\/wp\/v2\/users\/11"}],"replies":[{"embeddable":true,"href":"https:\/\/ekovoltis.pl\/autoinstalator\/wordpressplus\/wp-json\/wp\/v2\/comments?post=20113"}],"version-history":[{"count":4,"href":"https:\/\/ekovoltis.pl\/autoinstalator\/wordpressplus\/wp-json\/wp\/v2\/posts\/20113\/revisions"}],"predecessor-version":[{"id":23348,"href":"https:\/\/ekovoltis.pl\/autoinstalator\/wordpressplus\/wp-json\/wp\/v2\/posts\/20113\/revisions\/23348"}],"wp:featuredmedia":[{"embeddable":true,"href":"https:\/\/ekovoltis.pl\/autoinstalator\/wordpressplus\/wp-json\/wp\/v2\/media\/14732"}],"wp:attachment":[{"href":"https:\/\/ekovoltis.pl\/autoinstalator\/wordpressplus\/wp-json\/wp\/v2\/media?parent=20113"}],"wp:term":[{"taxonomy":"category","embeddable":true,"href":"https:\/\/ekovoltis.pl\/autoinstalator\/wordpressplus\/wp-json\/wp\/v2\/categories?post=20113"},{"taxonomy":"post_tag","embeddable":true,"href":"https:\/\/ekovoltis.pl\/autoinstalator\/wordpressplus\/wp-json\/wp\/v2\/tags?post=20113"}],"curies":[{"name":"wp","href":"https:\/\/api.w.org\/{rel}","templated":true}]}}