{"id":21632,"date":"2025-04-28T08:28:41","date_gmt":"2025-04-28T06:28:41","guid":{"rendered":"https:\/\/ekovoltis.pl\/autoinstalator\/wordpressplus\/?p=21632"},"modified":"2025-07-04T12:30:08","modified_gmt":"2025-07-04T10:30:08","slug":"nowe-taryfy-dla-gospodarstw-domowych-dopiero-od-pazdziernika-rzad-planuje-zmiane-harmonogramu","status":"publish","type":"post","link":"https:\/\/ekovoltis.pl\/autoinstalator\/wordpressplus\/nowe-taryfy-dla-gospodarstw-domowych-dopiero-od-pazdziernika-rzad-planuje-zmiane-harmonogramu\/","title":{"rendered":"Nowe taryfy dla gospodarstw domowych dopiero od pa\u017adziernika? Rz\u0105d planuje zmian\u0119 harmonogramu"},"content":{"rendered":"\t\t<div data-elementor-type=\"wp-post\" data-elementor-id=\"21632\" class=\"elementor elementor-21632\" data-elementor-post-type=\"post\">\n\t\t\t\t\t\t<section class=\"elementor-section elementor-top-section elementor-element elementor-element-5343630 elementor-section-boxed elementor-section-height-default elementor-section-height-default\" data-id=\"5343630\" data-element_type=\"section\">\n\t\t\t\t\t\t<div class=\"elementor-container elementor-column-gap-default\">\n\t\t\t\t\t<div class=\"elementor-column elementor-col-100 elementor-top-column elementor-element elementor-element-f38de02\" data-id=\"f38de02\" data-element_type=\"column\">\n\t\t\t<div class=\"elementor-widget-wrap elementor-element-populated\">\n\t\t\t\t\t\t<div class=\"elementor-element elementor-element-372df94 elementor-widget-laptop__width-initial elementor-widget elementor-widget-text-editor\" data-id=\"372df94\" data-element_type=\"widget\" data-widget_type=\"text-editor.default\">\n\t\t\t\t<div class=\"elementor-widget-container\">\n\t\t\t\t\t\t\t\t\t<p><span style=\"font-family: lato-light;\">Zgodnie z projektem nowelizacji ustawy o szczeg\u00f3lnych rozwi\u0105zaniach s\u0142u\u017c\u0105cych ochronie odbiorc\u00f3w energii elektrycznej, celem przesuni\u0119cia jest uwzgl\u0119dnienie pe\u0142niejszego efektu spadaj\u0105cych cen hurtowych \u2013 obecnie na poziomie 400\u2013500 z\u0142\/MWh \u2013 w procesie kalkulacji taryf zatwierdzanych przez Prezesa Urz\u0119du Regulacji Energetyki (URE). Zdaniem Ministerstwa Klimatu i \u015arodowiska, trzy dodatkowe miesi\u0105ce pozwol\u0105 sprzedawcom oraz regulatorowi na lepsze oszacowanie rzeczywistych koszt\u00f3w sprzeda\u017cy energii i ustalenie nowych taryf w spos\u00f3b bardziej precyzyjny i zgodny z trendami rynkowymi.<\/span><\/p><p><span style=\"font-family: lato-light;\">Planowane na lipiec 2025 r. wdro\u017cenie nowych, ni\u017cszych taryf energii elektrycznej dla gospodarstw domowych mo\u017ce zosta\u0107 przesuni\u0119te na p\u00f3\u017aniejszy termin. Zgodnie z najnowszymi zapowiedziami rz\u0105du, rozwa\u017cana jest zmiana daty wej\u015bcia w \u017cycie nowych stawek na 1 pa\u017adziernika 2025 r. Propozycja ta ma na celu lepsze dostosowanie taryf do aktualnych warunk\u00f3w rynkowych, w szczeg\u00f3lno\u015bci spadk\u00f3w cen na rynku hurtowym.<\/span><\/p><p><span style=\"font-family: lato-light;\">W projekcie podkre\u015blono r\u00f3wnie\u017c potrzeb\u0119 zapewnienia odpowiedniego czasu na przygotowanie zmian przez podmioty zobowi\u0105zane do stosowania taryf \u2013 przede wszystkim przedsi\u0119biorstwa energetyczne pe\u0142ni\u0105ce funkcj\u0119 sprzedawc\u00f3w z urz\u0119du. Obecnie trwa proces sk\u0142adania przez te firmy wniosk\u00f3w taryfowych na drug\u0105 po\u0142ow\u0119 2025 roku. To w\u0142a\u015bnie w tych dokumentach maj\u0105 zosta\u0107 odzwierciedlone prognozy cenowe i obecna sytuacja na rynku hurtowym.<\/span><\/p><p><span style=\"font-family: lato-light;\">Wci\u0105\u017c otwarta pozostaje kwestia ewentualnego przed\u0142u\u017cenia obowi\u0105zywania mechanizm\u00f3w os\u0142onowych dla odbiorc\u00f3w indywidualnych, w tym zamro\u017conej ceny maksymalnej energii (500 z\u0142\/MWh) oraz zerowej stawki op\u0142aty mocowej, kt\u00f3ra \u2013 wed\u0142ug aktualnych przepis\u00f3w \u2013 ma obowi\u0105zywa\u0107 do ko\u0144ca czerwca 2025 roku. Rz\u0105d deklaruje, \u017ce decyzje w tej sprawie b\u0119d\u0105 podejmowane na podstawie przedstawionych taryf na IV kwarta\u0142 2025 r. Je\u015bli oka\u017ce si\u0119, \u017ce zaproponowane ceny energii s\u0105 zbyt wysokie, mo\u017cliwe b\u0119dzie dalsze utrzymanie wsparcia.<\/span><\/p><p><span style=\"font-family: lato-light;\">Projekt nowelizacji ma zosta\u0107 przyj\u0119ty przez Rad\u0119 Ministr\u00f3w w II kwartale 2025 r. Wdro\u017cenie nowych taryf od 1 pa\u017adziernika pozostaje mo\u017cliwe, pod warunkiem terminowego zako\u0144czenia wszystkich procedur legislacyjnych i zatwierdzenia stawek przez URE.<\/span><\/p><p><span style=\"font-family: lato-light;\">Dla gospodarstw domowych oznacza to dalsz\u0105 niepewno\u015b\u0107 co do kszta\u0142tu rachunk\u00f3w za energi\u0119 w drugiej po\u0142owie roku. Dla rynku \u2013 sygna\u0142, \u017ce regulatorzy chc\u0105 reagowa\u0107 elastycznie na spadki cen hurtowych, ale z zachowaniem ostro\u017cno\u015bci i w oparciu o solidne podstawy kalkulacyjne.<\/span><\/p><p><span style=\"font-family: lato-light;\">Wi\u0119cej informacji:<\/span><\/p><p><span style=\"font-family: lato-light;\"><a href=\"https:\/autoinstalator\/wordpressplus\/www.gov.pl\/web\/premier\/projekt-ustawy-o-zmianie-ustawy-o-szczegolnych-rozwiazaniach-sluzacych-ochronie-odbiorcow-energii-elektrycznej-w-2023-roku-oraz-w-2024-roku-w-zwiazku-z-sytuacja-na-rynku-energii-elektrycznej2\" target=\"_blank\" rel=\"noopener\">https:\/autoinstalator\/wordpressplus\/www.gov.pl\/web\/premier\/projekt-ustawy-o-zmianie-ustawy-o-szczegolnych-rozwiazaniach-sluzacych-ochronie-odbiorcow-energii-elektrycznej-w-2023-roku-oraz-w-2024-roku-w-zwiazku-z-sytuacja-na-rynku-energii-elektrycznej2<\/a><\/span><\/p>\t\t\t\t\t\t\t\t<\/div>\n\t\t\t\t<\/div>\n\t\t\t\t\t<\/div>\n\t\t<\/div>\n\t\t\t\t\t<\/div>\n\t\t<\/section>\n\t\t\t\t<\/div>\n\t\t","protected":false},"excerpt":{"rendered":"<p>Zgodnie z projektem nowelizacji ustawy o szczeg\u00f3lnych rozwi\u0105zaniach s\u0142u\u017c\u0105cych ochronie odbiorc\u00f3w energii elektrycznej, celem przesuni\u0119cia jest uwzgl\u0119dnienie pe\u0142niejszego efektu spadaj\u0105cych cen hurtowych \u2013 obecnie na poziomie 400\u2013500 z\u0142\/MWh \u2013 w procesie kalkulacji taryf zatwierdzanych przez Prezesa Urz\u0119du Regulacji Energetyki (URE). Zdaniem Ministerstwa Klimatu i \u015arodowiska, trzy dodatkowe miesi\u0105ce pozwol\u0105 sprzedawcom oraz regulatorowi na lepsze oszacowanie [&hellip;]<\/p>\n","protected":false},"author":11,"featured_media":12380,"comment_status":"closed","ping_status":"closed","sticky":false,"template":"","format":"standard","meta":{"site-sidebar-layout":"default","site-content-layout":"default","ast-site-content-layout":"default","site-content-style":"default","site-sidebar-style":"default","ast-global-header-display":"","ast-banner-title-visibility":"","ast-main-header-display":"","ast-hfb-above-header-display":"","ast-hfb-below-header-display":"","ast-hfb-mobile-header-display":"","site-post-title":"","ast-breadcrumbs-content":"","ast-featured-img":"","footer-sml-layout":"","theme-transparent-header-meta":"default","adv-header-id-meta":"","stick-header-meta":"","header-above-stick-meta":"","header-main-stick-meta":"","header-below-stick-meta":"","astra-migrate-meta-layouts":"default","ast-page-background-enabled":"default","ast-page-background-meta":{"desktop":{"background-color":"","background-image":"","background-repeat":"repeat","background-position":"center center","background-size":"auto","background-attachment":"scroll","background-type":"","background-media":"","overlay-type":"","overlay-color":"","overlay-opacity":"","overlay-gradient":""},"tablet":{"background-color":"","background-image":"","background-repeat":"repeat","background-position":"center center","background-size":"auto","background-attachment":"scroll","background-type":"","background-media":"","overlay-type":"","overlay-color":"","overlay-opacity":"","overlay-gradient":""},"mobile":{"background-color":"","background-image":"","background-repeat":"repeat","background-position":"center center","background-size":"auto","background-attachment":"scroll","background-type":"","background-media":"","overlay-type":"","overlay-color":"","overlay-opacity":"","overlay-gradient":""}},"ast-content-background-meta":{"desktop":{"background-color":"var(--ast-global-color-5)","background-image":"","background-repeat":"repeat","background-position":"center center","background-size":"auto","background-attachment":"scroll","background-type":"","background-media":"","overlay-type":"","overlay-color":"","overlay-opacity":"","overlay-gradient":""},"tablet":{"background-color":"var(--ast-global-color-5)","background-image":"","background-repeat":"repeat","background-position":"center center","background-size":"auto","background-attachment":"scroll","background-type":"","background-media":"","overlay-type":"","overlay-color":"","overlay-opacity":"","overlay-gradient":""},"mobile":{"background-color":"var(--ast-global-color-5)","background-image":"","background-repeat":"repeat","background-position":"center center","background-size":"auto","background-attachment":"scroll","background-type":"","background-media":"","overlay-type":"","overlay-color":"","overlay-opacity":"","overlay-gradient":""}},"footnotes":""},"categories":[1],"tags":[],"class_list":["post-21632","post","type-post","status-publish","format-standard","has-post-thumbnail","hentry","category-bez-kategorii"],"acf":[],"_links":{"self":[{"href":"https:\/\/ekovoltis.pl\/autoinstalator\/wordpressplus\/wp-json\/wp\/v2\/posts\/21632","targetHints":{"allow":["GET"]}}],"collection":[{"href":"https:\/\/ekovoltis.pl\/autoinstalator\/wordpressplus\/wp-json\/wp\/v2\/posts"}],"about":[{"href":"https:\/\/ekovoltis.pl\/autoinstalator\/wordpressplus\/wp-json\/wp\/v2\/types\/post"}],"author":[{"embeddable":true,"href":"https:\/\/ekovoltis.pl\/autoinstalator\/wordpressplus\/wp-json\/wp\/v2\/users\/11"}],"replies":[{"embeddable":true,"href":"https:\/\/ekovoltis.pl\/autoinstalator\/wordpressplus\/wp-json\/wp\/v2\/comments?post=21632"}],"version-history":[{"count":3,"href":"https:\/\/ekovoltis.pl\/autoinstalator\/wordpressplus\/wp-json\/wp\/v2\/posts\/21632\/revisions"}],"predecessor-version":[{"id":21635,"href":"https:\/\/ekovoltis.pl\/autoinstalator\/wordpressplus\/wp-json\/wp\/v2\/posts\/21632\/revisions\/21635"}],"wp:featuredmedia":[{"embeddable":true,"href":"https:\/\/ekovoltis.pl\/autoinstalator\/wordpressplus\/wp-json\/wp\/v2\/media\/12380"}],"wp:attachment":[{"href":"https:\/\/ekovoltis.pl\/autoinstalator\/wordpressplus\/wp-json\/wp\/v2\/media?parent=21632"}],"wp:term":[{"taxonomy":"category","embeddable":true,"href":"https:\/\/ekovoltis.pl\/autoinstalator\/wordpressplus\/wp-json\/wp\/v2\/categories?post=21632"},{"taxonomy":"post_tag","embeddable":true,"href":"https:\/\/ekovoltis.pl\/autoinstalator\/wordpressplus\/wp-json\/wp\/v2\/tags?post=21632"}],"curies":[{"name":"wp","href":"https:\/\/api.w.org\/{rel}","templated":true}]}}